{"id":3494,"date":"2026-03-13T11:02:05","date_gmt":"2026-03-13T15:02:05","guid":{"rendered":"https:\/\/www.facyt.uc.edu.ve\/web\/?p=3494"},"modified":"2026-04-23T11:02:35","modified_gmt":"2026-04-23T15:02:35","slug":"curso-basico-de-proteccion-radiologica","status":"publish","type":"post","link":"https:\/\/www.facyt.uc.edu.ve\/web\/curso-basico-de-proteccion-radiologica\/","title":{"rendered":"Curso B\u00e1sico de protecci\u00f3n radiol\u00f3gica"},"content":{"rendered":"<p style=\"text-align: justify;\">Este curso de 24 horas est\u00e1 desarrollado seg\u00fan los requisitos establecidos en la Norma COVENIN venezolana 3299:97. Los participantes recibir\u00e1n formaci\u00f3n sobre los distintos tipos de radiaci\u00f3n, sus efectos biol\u00f3gicos y las medidas de protecci\u00f3n ante exposici\u00f3n a equipos generadores de radiaciones ionizantes y fuentes radiactivas.<\/p>\n<p style=\"text-align: justify;\">El curso ser\u00e1 impartido por las Profesoras: Yannirys L\u00f3pez (Msc), Mirtha Dom\u00ednguez (Licenciada) y Nelcy Mora (Ingeniero). El Departamento de F\u00edsica de nuestra facultad ser\u00e1 el lugar donde los d\u00edas 11, 18 y 25 de Abril se recibir\u00e1 a quienes se inscriban y quieran recibir formaci\u00f3n de manos de estas excelentes profesionales.<\/p>\n<p style=\"text-align: justify;\">Para obtener m\u00e1s informaci\u00f3n sobre: Contenido del curso, costo, lugar y detalles de las profesoras deben escanear el c\u00f3digo QR del flyer.<\/p>\n<div style=\"width: 640px;\" class=\"wp-video\"><video class=\"wp-video-shortcode\" id=\"video-3494-1\" width=\"640\" height=\"640\" preload=\"metadata\" controls=\"controls\"><source type=\"video\/mp4\" src=\"https:\/\/www.facyt.uc.edu.ve\/web\/wp-content\/uploads\/2026\/04\/Este-curso-de-24-horas-esta-desarrollado-segun-los-requisitos-establecidos-en-la-Norma-COVENIN-.mp4?_=1\" \/><a href=\"https:\/\/www.facyt.uc.edu.ve\/web\/wp-content\/uploads\/2026\/04\/Este-curso-de-24-horas-esta-desarrollado-segun-los-requisitos-establecidos-en-la-Norma-COVENIN-.mp4\">https:\/\/www.facyt.uc.edu.ve\/web\/wp-content\/uploads\/2026\/04\/Este-curso-de-24-horas-esta-desarrollado-segun-los-requisitos-establecidos-en-la-Norma-COVENIN-.mp4<\/a><\/video><\/div>\n","protected":false},"excerpt":{"rendered":"<p>Este curso de 24 horas est\u00e1 desarrollado seg\u00fan los requisitos establecidos en la Norma COVENIN venezolana 3299:97. Los participantes recibir\u00e1n formaci\u00f3n sobre los distintos tipos de radiaci\u00f3n, sus efectos biol\u00f3gicos y las medidas de protecci\u00f3n ante exposici\u00f3n a equipos generadores de radiaciones ionizantes y fuentes radiactivas. El curso ser\u00e1 impartido por las Profesoras: Yannirys L\u00f3pez&hellip;<\/p>\n","protected":false},"author":5,"featured_media":0,"comment_status":"open","ping_status":"open","sticky":false,"template":"","format":"standard","meta":{"footnotes":""},"categories":[23],"tags":[],"class_list":["post-3494","post","type-post","status-publish","format-standard","hentry","category-extension"],"yoast_head":"<!-- This site is optimized with the Yoast SEO plugin v27.1.1 - https:\/\/yoast.com\/product\/yoast-seo-wordpress\/ -->\n<title>Curso B\u00e1sico de protecci\u00f3n radiol\u00f3gica - Facultad Experimental de Ciencias y Tecnolog\u00eda<\/title>\n<meta name=\"robots\" content=\"index, follow, max-snippet:-1, max-image-preview:large, max-video-preview:-1\" \/>\n<link rel=\"canonical\" href=\"https:\/\/www.facyt.uc.edu.ve\/web\/curso-basico-de-proteccion-radiologica\/\" \/>\n<meta property=\"og:locale\" content=\"es_ES\" \/>\n<meta property=\"og:type\" content=\"article\" \/>\n<meta property=\"og:title\" content=\"Curso B\u00e1sico de protecci\u00f3n radiol\u00f3gica - Facultad Experimental de Ciencias y Tecnolog\u00eda\" \/>\n<meta property=\"og:description\" content=\"Este curso de 24 horas est\u00e1 desarrollado seg\u00fan los requisitos establecidos en la Norma COVENIN venezolana 3299:97. Los participantes recibir\u00e1n formaci\u00f3n sobre los distintos tipos de radiaci\u00f3n, sus efectos biol\u00f3gicos y las medidas de protecci\u00f3n ante exposici\u00f3n a equipos generadores de radiaciones ionizantes y fuentes radiactivas. El curso ser\u00e1 impartido por las Profesoras: Yannirys L\u00f3pez&hellip;\" \/>\n<meta property=\"og:url\" content=\"https:\/\/www.facyt.uc.edu.ve\/web\/curso-basico-de-proteccion-radiologica\/\" \/>\n<meta property=\"og:site_name\" content=\"Facultad Experimental de Ciencias y Tecnolog\u00eda\" \/>\n<meta property=\"article:published_time\" content=\"2026-03-13T15:02:05+00:00\" \/>\n<meta property=\"article:modified_time\" content=\"2026-04-23T15:02:35+00:00\" \/>\n<meta name=\"author\" content=\"Admin\" \/>\n<meta name=\"twitter:card\" content=\"summary_large_image\" \/>\n<meta name=\"twitter:label1\" content=\"Escrito por\" \/>\n\t<meta name=\"twitter:data1\" content=\"Admin\" \/>\n\t<meta name=\"twitter:label2\" content=\"Tiempo estimado de lectura\" \/>\n\t<meta name=\"twitter:data2\" content=\"1 minuto\" \/>\n<script type=\"application\/ld+json\" class=\"yoast-schema-graph\">{\"@context\":\"https:\/\/schema.org\",\"@graph\":[{\"@type\":\"Article\",\"@id\":\"https:\/\/www.facyt.uc.edu.ve\/web\/curso-basico-de-proteccion-radiologica\/#article\",\"isPartOf\":{\"@id\":\"https:\/\/www.facyt.uc.edu.ve\/web\/curso-basico-de-proteccion-radiologica\/\"},\"author\":{\"name\":\"Admin\",\"@id\":\"https:\/\/www.facyt.uc.edu.ve\/web\/#\/schema\/person\/bf524fd52b6d2f467be80da039251a72\"},\"headline\":\"Curso B\u00e1sico de protecci\u00f3n radiol\u00f3gica\",\"datePublished\":\"2026-03-13T15:02:05+00:00\",\"dateModified\":\"2026-04-23T15:02:35+00:00\",\"mainEntityOfPage\":{\"@id\":\"https:\/\/www.facyt.uc.edu.ve\/web\/curso-basico-de-proteccion-radiologica\/\"},\"wordCount\":155,\"commentCount\":0,\"publisher\":{\"@id\":\"https:\/\/www.facyt.uc.edu.ve\/web\/#organization\"},\"articleSection\":[\"Extension\"],\"inLanguage\":\"es\",\"potentialAction\":[{\"@type\":\"CommentAction\",\"name\":\"Comment\",\"target\":[\"https:\/\/www.facyt.uc.edu.ve\/web\/curso-basico-de-proteccion-radiologica\/#respond\"]}]},{\"@type\":\"WebPage\",\"@id\":\"https:\/\/www.facyt.uc.edu.ve\/web\/curso-basico-de-proteccion-radiologica\/\",\"url\":\"https:\/\/www.facyt.uc.edu.ve\/web\/curso-basico-de-proteccion-radiologica\/\",\"name\":\"Curso B\u00e1sico de protecci\u00f3n radiol\u00f3gica - Facultad Experimental de Ciencias y Tecnolog\u00eda\",\"isPartOf\":{\"@id\":\"https:\/\/www.facyt.uc.edu.ve\/web\/#website\"},\"datePublished\":\"2026-03-13T15:02:05+00:00\",\"dateModified\":\"2026-04-23T15:02:35+00:00\",\"breadcrumb\":{\"@id\":\"https:\/\/www.facyt.uc.edu.ve\/web\/curso-basico-de-proteccion-radiologica\/#breadcrumb\"},\"inLanguage\":\"es\",\"potentialAction\":[{\"@type\":\"ReadAction\",\"target\":[\"https:\/\/www.facyt.uc.edu.ve\/web\/curso-basico-de-proteccion-radiologica\/\"]}]},{\"@type\":\"BreadcrumbList\",\"@id\":\"https:\/\/www.facyt.uc.edu.ve\/web\/curso-basico-de-proteccion-radiologica\/#breadcrumb\",\"itemListElement\":[{\"@type\":\"ListItem\",\"position\":1,\"name\":\"Portada\",\"item\":\"https:\/\/www.facyt.uc.edu.ve\/web\/\"},{\"@type\":\"ListItem\",\"position\":2,\"name\":\"Curso B\u00e1sico de protecci\u00f3n radiol\u00f3gica\"}]},{\"@type\":\"WebSite\",\"@id\":\"https:\/\/www.facyt.uc.edu.ve\/web\/#website\",\"url\":\"https:\/\/www.facyt.uc.edu.ve\/web\/\",\"name\":\"Facultad Experimental de Ciencias y Tecnolog\u00eda\",\"description\":\"FaCyT UC\",\"publisher\":{\"@id\":\"https:\/\/www.facyt.uc.edu.ve\/web\/#organization\"},\"alternateName\":\"FaCyT\",\"potentialAction\":[{\"@type\":\"SearchAction\",\"target\":{\"@type\":\"EntryPoint\",\"urlTemplate\":\"https:\/\/www.facyt.uc.edu.ve\/web\/?s={search_term_string}\"},\"query-input\":{\"@type\":\"PropertyValueSpecification\",\"valueRequired\":true,\"valueName\":\"search_term_string\"}}],\"inLanguage\":\"es\"},{\"@type\":\"Organization\",\"@id\":\"https:\/\/www.facyt.uc.edu.ve\/web\/#organization\",\"name\":\"Facultad Experimental de Ciencias y Tecnolog\u00eda\",\"url\":\"https:\/\/www.facyt.uc.edu.ve\/web\/\",\"logo\":{\"@type\":\"ImageObject\",\"inLanguage\":\"es\",\"@id\":\"https:\/\/www.facyt.uc.edu.ve\/web\/#\/schema\/logo\/image\/\",\"url\":\"https:\/\/www.facyt.uc.edu.ve\/web\/wp-content\/uploads\/2025\/11\/Logo_de_la_Facultad_Experimental_de_Ciencia_y_Tecnologia-scaled.jpg\",\"contentUrl\":\"https:\/\/www.facyt.uc.edu.ve\/web\/wp-content\/uploads\/2025\/11\/Logo_de_la_Facultad_Experimental_de_Ciencia_y_Tecnologia-scaled.jpg\",\"width\":2560,\"height\":2560,\"caption\":\"Facultad Experimental de Ciencias y Tecnolog\u00eda\"},\"image\":{\"@id\":\"https:\/\/www.facyt.uc.edu.ve\/web\/#\/schema\/logo\/image\/\"},\"sameAs\":[\"https:\/\/instagram.com\/facytuc.oficial\/yoast\"]},{\"@type\":\"Person\",\"@id\":\"https:\/\/www.facyt.uc.edu.ve\/web\/#\/schema\/person\/bf524fd52b6d2f467be80da039251a72\",\"name\":\"Admin\",\"image\":{\"@type\":\"ImageObject\",\"inLanguage\":\"es\",\"@id\":\"https:\/\/www.facyt.uc.edu.ve\/web\/#\/schema\/person\/image\/\",\"url\":\"https:\/\/secure.gravatar.com\/avatar\/2c3e463b47acb8ec913b8eadbcb6618ae1986ac22dca6b407c47e7229e4bef8f?s=96&d=mm&r=g\",\"contentUrl\":\"https:\/\/secure.gravatar.com\/avatar\/2c3e463b47acb8ec913b8eadbcb6618ae1986ac22dca6b407c47e7229e4bef8f?s=96&d=mm&r=g\",\"caption\":\"Admin\"},\"url\":\"https:\/\/www.facyt.uc.edu.ve\/web\/author\/imoreno\/\"}]}<\/script>\n<!-- \/ Yoast SEO plugin. -->","yoast_head_json":{"title":"Curso B\u00e1sico de protecci\u00f3n radiol\u00f3gica - Facultad Experimental de Ciencias y Tecnolog\u00eda","robots":{"index":"index","follow":"follow","max-snippet":"max-snippet:-1","max-image-preview":"max-image-preview:large","max-video-preview":"max-video-preview:-1"},"canonical":"https:\/\/www.facyt.uc.edu.ve\/web\/curso-basico-de-proteccion-radiologica\/","og_locale":"es_ES","og_type":"article","og_title":"Curso B\u00e1sico de protecci\u00f3n radiol\u00f3gica - Facultad Experimental de Ciencias y Tecnolog\u00eda","og_description":"Este curso de 24 horas est\u00e1 desarrollado seg\u00fan los requisitos establecidos en la Norma COVENIN venezolana 3299:97. Los participantes recibir\u00e1n formaci\u00f3n sobre los distintos tipos de radiaci\u00f3n, sus efectos biol\u00f3gicos y las medidas de protecci\u00f3n ante exposici\u00f3n a equipos generadores de radiaciones ionizantes y fuentes radiactivas. El curso ser\u00e1 impartido por las Profesoras: Yannirys L\u00f3pez&hellip;","og_url":"https:\/\/www.facyt.uc.edu.ve\/web\/curso-basico-de-proteccion-radiologica\/","og_site_name":"Facultad Experimental de Ciencias y Tecnolog\u00eda","article_published_time":"2026-03-13T15:02:05+00:00","article_modified_time":"2026-04-23T15:02:35+00:00","author":"Admin","twitter_card":"summary_large_image","twitter_misc":{"Escrito por":"Admin","Tiempo estimado de lectura":"1 minuto"},"schema":{"@context":"https:\/\/schema.org","@graph":[{"@type":"Article","@id":"https:\/\/www.facyt.uc.edu.ve\/web\/curso-basico-de-proteccion-radiologica\/#article","isPartOf":{"@id":"https:\/\/www.facyt.uc.edu.ve\/web\/curso-basico-de-proteccion-radiologica\/"},"author":{"name":"Admin","@id":"https:\/\/www.facyt.uc.edu.ve\/web\/#\/schema\/person\/bf524fd52b6d2f467be80da039251a72"},"headline":"Curso B\u00e1sico de protecci\u00f3n radiol\u00f3gica","datePublished":"2026-03-13T15:02:05+00:00","dateModified":"2026-04-23T15:02:35+00:00","mainEntityOfPage":{"@id":"https:\/\/www.facyt.uc.edu.ve\/web\/curso-basico-de-proteccion-radiologica\/"},"wordCount":155,"commentCount":0,"publisher":{"@id":"https:\/\/www.facyt.uc.edu.ve\/web\/#organization"},"articleSection":["Extension"],"inLanguage":"es","potentialAction":[{"@type":"CommentAction","name":"Comment","target":["https:\/\/www.facyt.uc.edu.ve\/web\/curso-basico-de-proteccion-radiologica\/#respond"]}]},{"@type":"WebPage","@id":"https:\/\/www.facyt.uc.edu.ve\/web\/curso-basico-de-proteccion-radiologica\/","url":"https:\/\/www.facyt.uc.edu.ve\/web\/curso-basico-de-proteccion-radiologica\/","name":"Curso B\u00e1sico de protecci\u00f3n radiol\u00f3gica - Facultad Experimental de Ciencias y Tecnolog\u00eda","isPartOf":{"@id":"https:\/\/www.facyt.uc.edu.ve\/web\/#website"},"datePublished":"2026-03-13T15:02:05+00:00","dateModified":"2026-04-23T15:02:35+00:00","breadcrumb":{"@id":"https:\/\/www.facyt.uc.edu.ve\/web\/curso-basico-de-proteccion-radiologica\/#breadcrumb"},"inLanguage":"es","potentialAction":[{"@type":"ReadAction","target":["https:\/\/www.facyt.uc.edu.ve\/web\/curso-basico-de-proteccion-radiologica\/"]}]},{"@type":"BreadcrumbList","@id":"https:\/\/www.facyt.uc.edu.ve\/web\/curso-basico-de-proteccion-radiologica\/#breadcrumb","itemListElement":[{"@type":"ListItem","position":1,"name":"Portada","item":"https:\/\/www.facyt.uc.edu.ve\/web\/"},{"@type":"ListItem","position":2,"name":"Curso B\u00e1sico de protecci\u00f3n radiol\u00f3gica"}]},{"@type":"WebSite","@id":"https:\/\/www.facyt.uc.edu.ve\/web\/#website","url":"https:\/\/www.facyt.uc.edu.ve\/web\/","name":"Facultad Experimental de Ciencias y Tecnolog\u00eda","description":"FaCyT UC","publisher":{"@id":"https:\/\/www.facyt.uc.edu.ve\/web\/#organization"},"alternateName":"FaCyT","potentialAction":[{"@type":"SearchAction","target":{"@type":"EntryPoint","urlTemplate":"https:\/\/www.facyt.uc.edu.ve\/web\/?s={search_term_string}"},"query-input":{"@type":"PropertyValueSpecification","valueRequired":true,"valueName":"search_term_string"}}],"inLanguage":"es"},{"@type":"Organization","@id":"https:\/\/www.facyt.uc.edu.ve\/web\/#organization","name":"Facultad Experimental de Ciencias y Tecnolog\u00eda","url":"https:\/\/www.facyt.uc.edu.ve\/web\/","logo":{"@type":"ImageObject","inLanguage":"es","@id":"https:\/\/www.facyt.uc.edu.ve\/web\/#\/schema\/logo\/image\/","url":"https:\/\/www.facyt.uc.edu.ve\/web\/wp-content\/uploads\/2025\/11\/Logo_de_la_Facultad_Experimental_de_Ciencia_y_Tecnologia-scaled.jpg","contentUrl":"https:\/\/www.facyt.uc.edu.ve\/web\/wp-content\/uploads\/2025\/11\/Logo_de_la_Facultad_Experimental_de_Ciencia_y_Tecnologia-scaled.jpg","width":2560,"height":2560,"caption":"Facultad Experimental de Ciencias y Tecnolog\u00eda"},"image":{"@id":"https:\/\/www.facyt.uc.edu.ve\/web\/#\/schema\/logo\/image\/"},"sameAs":["https:\/\/instagram.com\/facytuc.oficial\/yoast"]},{"@type":"Person","@id":"https:\/\/www.facyt.uc.edu.ve\/web\/#\/schema\/person\/bf524fd52b6d2f467be80da039251a72","name":"Admin","image":{"@type":"ImageObject","inLanguage":"es","@id":"https:\/\/www.facyt.uc.edu.ve\/web\/#\/schema\/person\/image\/","url":"https:\/\/secure.gravatar.com\/avatar\/2c3e463b47acb8ec913b8eadbcb6618ae1986ac22dca6b407c47e7229e4bef8f?s=96&d=mm&r=g","contentUrl":"https:\/\/secure.gravatar.com\/avatar\/2c3e463b47acb8ec913b8eadbcb6618ae1986ac22dca6b407c47e7229e4bef8f?s=96&d=mm&r=g","caption":"Admin"},"url":"https:\/\/www.facyt.uc.edu.ve\/web\/author\/imoreno\/"}]}},"_links":{"self":[{"href":"https:\/\/www.facyt.uc.edu.ve\/web\/wp-json\/wp\/v2\/posts\/3494","targetHints":{"allow":["GET"]}}],"collection":[{"href":"https:\/\/www.facyt.uc.edu.ve\/web\/wp-json\/wp\/v2\/posts"}],"about":[{"href":"https:\/\/www.facyt.uc.edu.ve\/web\/wp-json\/wp\/v2\/types\/post"}],"author":[{"embeddable":true,"href":"https:\/\/www.facyt.uc.edu.ve\/web\/wp-json\/wp\/v2\/users\/5"}],"replies":[{"embeddable":true,"href":"https:\/\/www.facyt.uc.edu.ve\/web\/wp-json\/wp\/v2\/comments?post=3494"}],"version-history":[{"count":1,"href":"https:\/\/www.facyt.uc.edu.ve\/web\/wp-json\/wp\/v2\/posts\/3494\/revisions"}],"predecessor-version":[{"id":3495,"href":"https:\/\/www.facyt.uc.edu.ve\/web\/wp-json\/wp\/v2\/posts\/3494\/revisions\/3495"}],"wp:attachment":[{"href":"https:\/\/www.facyt.uc.edu.ve\/web\/wp-json\/wp\/v2\/media?parent=3494"}],"wp:term":[{"taxonomy":"category","embeddable":true,"href":"https:\/\/www.facyt.uc.edu.ve\/web\/wp-json\/wp\/v2\/categories?post=3494"},{"taxonomy":"post_tag","embeddable":true,"href":"https:\/\/www.facyt.uc.edu.ve\/web\/wp-json\/wp\/v2\/tags?post=3494"}],"curies":[{"name":"wp","href":"https:\/\/api.w.org\/{rel}","templated":true}]}}